{"id":67269,"date":"2018-04-09T12:56:03","date_gmt":"2018-04-09T15:56:03","guid":{"rendered":"https:\/\/www.smart-gsm.com\/blog\/?p=67269"},"modified":"2018-04-18T16:23:27","modified_gmt":"2018-04-18T19:23:27","slug":"anuncio-oficial-iphone-8-y-iphone-8-plus-product-red-special-edition","status":"publish","type":"post","link":"https:\/\/www.smart-gsm.com\/blog\/anuncio-oficial-iphone-8-y-iphone-8-plus-product-red-special-edition\/","title":{"rendered":"Presentaci\u00f3n oficial: iPhone 8\/8 Plus (PRODUCT)RED Special Edition"},"content":{"rendered":"<p>A principios del segundo trimestre del 2017, <a href=\"https:\/\/www.smart-gsm.com\/fabricantes\/apple\"><strong>Apple<\/strong><\/a> anunci\u00f3 una nueva l\u00ednea de productos: variantes color rojo para su \u00faltima generaci\u00f3n de\u00a0iPhones. Cuando en septiembre del a\u00f1o pasado se anunciaban el iPhone 8 y el iPhone 8 Plus a la par del iPhone X, era dif\u00edcil prever si aquella variante de color se lanzar\u00eda tambi\u00e9n para los tres dispositivos, si lo har\u00eda solo para el <a href=\"https:\/\/www.smart-gsm.com\/moviles\/apple-iphone-8\"><strong>iPhone 8<\/strong><\/a> y el <a href=\"https:\/\/www.smart-gsm.com\/moviles\/apple-iphone-8-plus\"><strong>iPhone 8 Plus<\/strong><\/a>, solo para el <a href=\"https:\/\/www.smart-gsm.com\/moviles\/apple-iphone-x\">iPhone X<\/a> o si no existir\u00eda en lo absoluto. Pues bien, hoy Apple anunci\u00f3 el iPhone 8\/8 Plus (PRODUCT)RED Special Edition.<\/p>\n<p>La compa\u00f1\u00eda con base en Cupertino, California, Estados Unidos, ha declarado que a partir del 13 de abril, el iPhone 8 (PRODUCT)RED Special Edition y el iPhone 8 Plus (PRODUCT)RED Special Edition estar\u00e1n disponibles en la tienda oficial de Apple.\u00a0Apple anunci\u00f3 el iPhone 8\/8 Plus (PRODUCT)RED Special Edition y tienen una diferencia con la anterior generaci\u00f3n.<\/p>\n<p><!--more--><\/p>\n<p><img loading=\"lazy\" decoding=\"async\" class=\"img-responsive center-block aligncenter\" src=\"\/\/cdn.smart-gsm.com\/blog\/wp-content\/uploads\/2018\/04\/iPhone-8-Product-Red-Special-Edition-1.jpg\" alt=\"Render oficial del frente y dorso del iPhone 8 Plus (PRODUCT)RED Special Edition.\" width=\"833\" height=\"1000\" \/><\/p>\n<p>Cuando se anunciaron el iPhone 7 (PRODUCT)RED Special Edition y el iPhone 7 Plus (PRODUCT)RED Special Edition dif\u00edcilmente hubi\u00e9semos esperado que una variante de color como esta se emparejase con un frente color blanco, pues el color blanco suele ser menos preferido que el negro en materia de productos de Apple. Sin embargo, esa tendencia y apreciaci\u00f3n del gusto de los consumidores de productos de la compa\u00f1\u00eda de la manzana prohibida se responder\u00e1n apropiadamente con los nuevos iPhone 8\/8 Plus (PRODUCT)RED Special Edition de frente negro.<\/p>\n<p>Apple anunci\u00f3 el iPhone 8\/8 Plus (PRODUCT)RED Special Edition pero no habr\u00e1 tal variante de color para el iPhone X pr\u00e9mium. En su lugar, Apple decidi\u00f3 anunciar y lanzar una carcasa protectora color granate para su m\u00e1s exclusivo iPhone, como premio consuelo por no haberse integrado a esta selecta l\u00ednea de productos.<\/p>\n<p><img loading=\"lazy\" decoding=\"async\" class=\"img-responsive center-block aligncenter\" src=\"\/\/cdn.smart-gsm.com\/blog\/wp-content\/uploads\/2018\/04\/iPhone-8-Product-Red-Special-Edition-2.jpg\" alt=\"Render oficial de la nueva carcasa protectora color granate para el iPhone X.\" width=\"833\" height=\"1000\" \/><\/p>\n<p>La raz\u00f3n para que el iPhone X no recibiera una variante de color seguramente responda a la decepcionante demanda de este producto, lo que de seguro habr\u00e1 vuelto esc\u00e9pticos a sus ejecutivos pues una variante de color del iPhone X habr\u00eda supuesto invertirle m\u00e1s dinero a un producto que, hasta ahora, no ha contribuido notablemente al crecimiento econ\u00f3mico de Apple.<\/p>\n<p>&nbsp;<\/p>\n","protected":false},"excerpt":{"rendered":"<p>A principios del segundo trimestre del 2017, Apple anunci\u00f3 una nueva l\u00ednea de productos: variantes color rojo para su \u00faltima generaci\u00f3n de\u00a0iPhones. Cuando en septiembre del a\u00f1o pasado se anunciaban&#8230;<\/p>\n","protected":false},"author":2,"featured_media":67273,"comment_status":"open","ping_status":"closed","sticky":false,"template":"","format":"standard","meta":{"rop_custom_images_group":[],"rop_custom_messages_group":[],"rop_publish_now":"initial","rop_publish_now_accounts":[],"rop_publish_now_history":[],"rop_publish_now_status":"pending","footnotes":""},"categories":[4120],"tags":[42],"class_list":["post-67269","post","type-post","status-publish","format-standard","has-post-thumbnail","hentry","category-iphone","tag-apple"],"yoast_head":"<!-- This site is optimized with the Yoast SEO plugin v28.3 - https:\/\/yoast.com\/product\/yoast-seo-wordpress\/ -->\n<title>Presentaci\u00f3n oficial: iPhone 8\/8 Plus (PRODUCT)RED Special Edition - SmartGSM - Blog<\/title>\n<meta name=\"robots\" content=\"noindex, follow\" \/>\n<meta property=\"og:locale\" content=\"es_ES\" \/>\n<meta property=\"og:type\" content=\"article\" \/>\n<meta property=\"og:title\" content=\"Presentaci\u00f3n oficial: iPhone 8\/8 Plus (PRODUCT)RED Special Edition - SmartGSM - Blog\" \/>\n<meta property=\"og:description\" content=\"A principios del segundo trimestre del 2017, Apple anunci\u00f3 una nueva l\u00ednea de productos: variantes color rojo para su \u00faltima generaci\u00f3n de\u00a0iPhones. Cuando en septiembre del a\u00f1o pasado se anunciaban...\" \/>\n<meta property=\"og:url\" content=\"https:\/\/www.smart-gsm.com\/blog\/anuncio-oficial-iphone-8-y-iphone-8-plus-product-red-special-edition\/\" \/>\n<meta property=\"og:site_name\" content=\"SmartGSM - Blog\" \/>\n<meta property=\"article:published_time\" content=\"2018-04-09T15:56:03+00:00\" \/>\n<meta property=\"article:modified_time\" content=\"2018-04-18T19:23:27+00:00\" \/>\n<meta name=\"author\" content=\"Daniel P\u00e9rez Alvarez\" \/>\n<meta name=\"twitter:card\" content=\"summary_large_image\" \/>\n<script type=\"application\/ld+json\" class=\"yoast-schema-graph\">{\"@context\":\"https:\\\/\\\/schema.org\",\"@graph\":[{\"@type\":\"Article\",\"@id\":\"https:\\\/\\\/www.smart-gsm.com\\\/blog\\\/anuncio-oficial-iphone-8-y-iphone-8-plus-product-red-special-edition\\\/#article\",\"isPartOf\":{\"@id\":\"https:\\\/\\\/www.smart-gsm.com\\\/blog\\\/anuncio-oficial-iphone-8-y-iphone-8-plus-product-red-special-edition\\\/\"},\"author\":{\"name\":\"Daniel P\u00e9rez Alvarez\",\"@id\":\"https:\\\/\\\/www.smart-gsm.com\\\/blog\\\/#\\\/schema\\\/person\\\/fcacd1fda0b7e21ea34abefb8fdee5da\"},\"headline\":\"Presentaci\u00f3n oficial: iPhone 8\\\/8 Plus (PRODUCT)RED Special Edition\",\"datePublished\":\"2018-04-09T15:56:03+00:00\",\"dateModified\":\"2018-04-18T19:23:27+00:00\",\"mainEntityOfPage\":{\"@id\":\"https:\\\/\\\/www.smart-gsm.com\\\/blog\\\/anuncio-oficial-iphone-8-y-iphone-8-plus-product-red-special-edition\\\/\"},\"wordCount\":380,\"commentCount\":0,\"image\":{\"@id\":\"https:\\\/\\\/www.smart-gsm.com\\\/blog\\\/anuncio-oficial-iphone-8-y-iphone-8-plus-product-red-special-edition\\\/#primaryimage\"},\"thumbnailUrl\":\"https:\\\/\\\/www.smart-gsm.com\\\/blog\\\/wp-content\\\/uploads\\\/2018\\\/04\\\/iPhone-8-Product-Red-Special-Edition-3.jpg\",\"keywords\":[\"apple\"],\"articleSection\":[\"iPhone\"],\"inLanguage\":\"es-AR\",\"potentialAction\":[{\"@type\":\"CommentAction\",\"name\":\"Comment\",\"target\":[\"https:\\\/\\\/www.smart-gsm.com\\\/blog\\\/anuncio-oficial-iphone-8-y-iphone-8-plus-product-red-special-edition\\\/#respond\"]}]},{\"@type\":\"WebPage\",\"@id\":\"https:\\\/\\\/www.smart-gsm.com\\\/blog\\\/anuncio-oficial-iphone-8-y-iphone-8-plus-product-red-special-edition\\\/\",\"url\":\"https:\\\/\\\/www.smart-gsm.com\\\/blog\\\/anuncio-oficial-iphone-8-y-iphone-8-plus-product-red-special-edition\\\/\",\"name\":\"Presentaci\u00f3n oficial: iPhone 8\\\/8 Plus (PRODUCT)RED Special Edition - SmartGSM - Blog\",\"isPartOf\":{\"@id\":\"https:\\\/\\\/www.smart-gsm.com\\\/blog\\\/#website\"},\"primaryImageOfPage\":{\"@id\":\"https:\\\/\\\/www.smart-gsm.com\\\/blog\\\/anuncio-oficial-iphone-8-y-iphone-8-plus-product-red-special-edition\\\/#primaryimage\"},\"image\":{\"@id\":\"https:\\\/\\\/www.smart-gsm.com\\\/blog\\\/anuncio-oficial-iphone-8-y-iphone-8-plus-product-red-special-edition\\\/#primaryimage\"},\"thumbnailUrl\":\"https:\\\/\\\/www.smart-gsm.com\\\/blog\\\/wp-content\\\/uploads\\\/2018\\\/04\\\/iPhone-8-Product-Red-Special-Edition-3.jpg\",\"datePublished\":\"2018-04-09T15:56:03+00:00\",\"dateModified\":\"2018-04-18T19:23:27+00:00\",\"author\":{\"@id\":\"https:\\\/\\\/www.smart-gsm.com\\\/blog\\\/#\\\/schema\\\/person\\\/fcacd1fda0b7e21ea34abefb8fdee5da\"},\"breadcrumb\":{\"@id\":\"https:\\\/\\\/www.smart-gsm.com\\\/blog\\\/anuncio-oficial-iphone-8-y-iphone-8-plus-product-red-special-edition\\\/#breadcrumb\"},\"inLanguage\":\"es-AR\",\"potentialAction\":[{\"@type\":\"ReadAction\",\"target\":[\"https:\\\/\\\/www.smart-gsm.com\\\/blog\\\/anuncio-oficial-iphone-8-y-iphone-8-plus-product-red-special-edition\\\/\"]}]},{\"@type\":\"ImageObject\",\"inLanguage\":\"es-AR\",\"@id\":\"https:\\\/\\\/www.smart-gsm.com\\\/blog\\\/anuncio-oficial-iphone-8-y-iphone-8-plus-product-red-special-edition\\\/#primaryimage\",\"url\":\"https:\\\/\\\/www.smart-gsm.com\\\/blog\\\/wp-content\\\/uploads\\\/2018\\\/04\\\/iPhone-8-Product-Red-Special-Edition-3.jpg\",\"contentUrl\":\"https:\\\/\\\/www.smart-gsm.com\\\/blog\\\/wp-content\\\/uploads\\\/2018\\\/04\\\/iPhone-8-Product-Red-Special-Edition-3.jpg\"},{\"@type\":\"BreadcrumbList\",\"@id\":\"https:\\\/\\\/www.smart-gsm.com\\\/blog\\\/anuncio-oficial-iphone-8-y-iphone-8-plus-product-red-special-edition\\\/#breadcrumb\",\"itemListElement\":[{\"@type\":\"ListItem\",\"position\":1,\"name\":\"Inicio\",\"item\":\"https:\\\/\\\/www.smart-gsm.com\\\/blog\\\/\"},{\"@type\":\"ListItem\",\"position\":2,\"name\":\"Presentaci\u00f3n oficial: iPhone 8\\\/8 Plus (PRODUCT)RED Special Edition\"}]},{\"@type\":\"WebSite\",\"@id\":\"https:\\\/\\\/www.smart-gsm.com\\\/blog\\\/#website\",\"url\":\"https:\\\/\\\/www.smart-gsm.com\\\/blog\\\/\",\"name\":\"smartGSM noticias de tel\u00e9fonos\",\"description\":\"smartGSM\",\"alternateName\":\"smartGSM\",\"potentialAction\":[{\"@type\":\"SearchAction\",\"target\":{\"@type\":\"EntryPoint\",\"urlTemplate\":\"https:\\\/\\\/www.smart-gsm.com\\\/blog\\\/?s={search_term_string}\"},\"query-input\":{\"@type\":\"PropertyValueSpecification\",\"valueRequired\":true,\"valueName\":\"search_term_string\"}}],\"inLanguage\":\"es-AR\"},{\"@type\":\"Person\",\"@id\":\"https:\\\/\\\/www.smart-gsm.com\\\/blog\\\/#\\\/schema\\\/person\\\/fcacd1fda0b7e21ea34abefb8fdee5da\",\"name\":\"Daniel P\u00e9rez Alvarez\",\"image\":{\"@type\":\"ImageObject\",\"inLanguage\":\"es-AR\",\"@id\":\"https:\\\/\\\/secure.gravatar.com\\\/avatar\\\/43a31aba236661f47cd6a1d77bd6cabaacb123e99bc14546b2be829f3369b5dd?s=96&d=mm&r=g\",\"url\":\"https:\\\/\\\/secure.gravatar.com\\\/avatar\\\/43a31aba236661f47cd6a1d77bd6cabaacb123e99bc14546b2be829f3369b5dd?s=96&d=mm&r=g\",\"contentUrl\":\"https:\\\/\\\/secure.gravatar.com\\\/avatar\\\/43a31aba236661f47cd6a1d77bd6cabaacb123e99bc14546b2be829f3369b5dd?s=96&d=mm&r=g\",\"caption\":\"Daniel P\u00e9rez Alvarez\"}}]}<\/script>\n<!-- \/ Yoast SEO plugin. -->","yoast_head_json":{"title":"Presentaci\u00f3n oficial: iPhone 8\/8 Plus (PRODUCT)RED Special Edition - SmartGSM - Blog","robots":{"index":"noindex","follow":"follow"},"og_locale":"es_ES","og_type":"article","og_title":"Presentaci\u00f3n oficial: iPhone 8\/8 Plus (PRODUCT)RED Special Edition - SmartGSM - Blog","og_description":"A principios del segundo trimestre del 2017, Apple anunci\u00f3 una nueva l\u00ednea de productos: variantes color rojo para su \u00faltima generaci\u00f3n de\u00a0iPhones. Cuando en septiembre del a\u00f1o pasado se anunciaban...","og_url":"https:\/\/www.smart-gsm.com\/blog\/anuncio-oficial-iphone-8-y-iphone-8-plus-product-red-special-edition\/","og_site_name":"SmartGSM - Blog","article_published_time":"2018-04-09T15:56:03+00:00","article_modified_time":"2018-04-18T19:23:27+00:00","author":"Daniel P\u00e9rez Alvarez","twitter_card":"summary_large_image","schema":{"@context":"https:\/\/schema.org","@graph":[{"@type":"Article","@id":"https:\/\/www.smart-gsm.com\/blog\/anuncio-oficial-iphone-8-y-iphone-8-plus-product-red-special-edition\/#article","isPartOf":{"@id":"https:\/\/www.smart-gsm.com\/blog\/anuncio-oficial-iphone-8-y-iphone-8-plus-product-red-special-edition\/"},"author":{"name":"Daniel P\u00e9rez Alvarez","@id":"https:\/\/www.smart-gsm.com\/blog\/#\/schema\/person\/fcacd1fda0b7e21ea34abefb8fdee5da"},"headline":"Presentaci\u00f3n oficial: iPhone 8\/8 Plus (PRODUCT)RED Special Edition","datePublished":"2018-04-09T15:56:03+00:00","dateModified":"2018-04-18T19:23:27+00:00","mainEntityOfPage":{"@id":"https:\/\/www.smart-gsm.com\/blog\/anuncio-oficial-iphone-8-y-iphone-8-plus-product-red-special-edition\/"},"wordCount":380,"commentCount":0,"image":{"@id":"https:\/\/www.smart-gsm.com\/blog\/anuncio-oficial-iphone-8-y-iphone-8-plus-product-red-special-edition\/#primaryimage"},"thumbnailUrl":"https:\/\/www.smart-gsm.com\/blog\/wp-content\/uploads\/2018\/04\/iPhone-8-Product-Red-Special-Edition-3.jpg","keywords":["apple"],"articleSection":["iPhone"],"inLanguage":"es-AR","potentialAction":[{"@type":"CommentAction","name":"Comment","target":["https:\/\/www.smart-gsm.com\/blog\/anuncio-oficial-iphone-8-y-iphone-8-plus-product-red-special-edition\/#respond"]}]},{"@type":"WebPage","@id":"https:\/\/www.smart-gsm.com\/blog\/anuncio-oficial-iphone-8-y-iphone-8-plus-product-red-special-edition\/","url":"https:\/\/www.smart-gsm.com\/blog\/anuncio-oficial-iphone-8-y-iphone-8-plus-product-red-special-edition\/","name":"Presentaci\u00f3n oficial: iPhone 8\/8 Plus (PRODUCT)RED Special Edition - SmartGSM - Blog","isPartOf":{"@id":"https:\/\/www.smart-gsm.com\/blog\/#website"},"primaryImageOfPage":{"@id":"https:\/\/www.smart-gsm.com\/blog\/anuncio-oficial-iphone-8-y-iphone-8-plus-product-red-special-edition\/#primaryimage"},"image":{"@id":"https:\/\/www.smart-gsm.com\/blog\/anuncio-oficial-iphone-8-y-iphone-8-plus-product-red-special-edition\/#primaryimage"},"thumbnailUrl":"https:\/\/www.smart-gsm.com\/blog\/wp-content\/uploads\/2018\/04\/iPhone-8-Product-Red-Special-Edition-3.jpg","datePublished":"2018-04-09T15:56:03+00:00","dateModified":"2018-04-18T19:23:27+00:00","author":{"@id":"https:\/\/www.smart-gsm.com\/blog\/#\/schema\/person\/fcacd1fda0b7e21ea34abefb8fdee5da"},"breadcrumb":{"@id":"https:\/\/www.smart-gsm.com\/blog\/anuncio-oficial-iphone-8-y-iphone-8-plus-product-red-special-edition\/#breadcrumb"},"inLanguage":"es-AR","potentialAction":[{"@type":"ReadAction","target":["https:\/\/www.smart-gsm.com\/blog\/anuncio-oficial-iphone-8-y-iphone-8-plus-product-red-special-edition\/"]}]},{"@type":"ImageObject","inLanguage":"es-AR","@id":"https:\/\/www.smart-gsm.com\/blog\/anuncio-oficial-iphone-8-y-iphone-8-plus-product-red-special-edition\/#primaryimage","url":"https:\/\/www.smart-gsm.com\/blog\/wp-content\/uploads\/2018\/04\/iPhone-8-Product-Red-Special-Edition-3.jpg","contentUrl":"https:\/\/www.smart-gsm.com\/blog\/wp-content\/uploads\/2018\/04\/iPhone-8-Product-Red-Special-Edition-3.jpg"},{"@type":"BreadcrumbList","@id":"https:\/\/www.smart-gsm.com\/blog\/anuncio-oficial-iphone-8-y-iphone-8-plus-product-red-special-edition\/#breadcrumb","itemListElement":[{"@type":"ListItem","position":1,"name":"Inicio","item":"https:\/\/www.smart-gsm.com\/blog\/"},{"@type":"ListItem","position":2,"name":"Presentaci\u00f3n oficial: iPhone 8\/8 Plus (PRODUCT)RED Special Edition"}]},{"@type":"WebSite","@id":"https:\/\/www.smart-gsm.com\/blog\/#website","url":"https:\/\/www.smart-gsm.com\/blog\/","name":"smartGSM noticias de tel\u00e9fonos","description":"smartGSM","alternateName":"smartGSM","potentialAction":[{"@type":"SearchAction","target":{"@type":"EntryPoint","urlTemplate":"https:\/\/www.smart-gsm.com\/blog\/?s={search_term_string}"},"query-input":{"@type":"PropertyValueSpecification","valueRequired":true,"valueName":"search_term_string"}}],"inLanguage":"es-AR"},{"@type":"Person","@id":"https:\/\/www.smart-gsm.com\/blog\/#\/schema\/person\/fcacd1fda0b7e21ea34abefb8fdee5da","name":"Daniel P\u00e9rez Alvarez","image":{"@type":"ImageObject","inLanguage":"es-AR","@id":"https:\/\/secure.gravatar.com\/avatar\/43a31aba236661f47cd6a1d77bd6cabaacb123e99bc14546b2be829f3369b5dd?s=96&d=mm&r=g","url":"https:\/\/secure.gravatar.com\/avatar\/43a31aba236661f47cd6a1d77bd6cabaacb123e99bc14546b2be829f3369b5dd?s=96&d=mm&r=g","contentUrl":"https:\/\/secure.gravatar.com\/avatar\/43a31aba236661f47cd6a1d77bd6cabaacb123e99bc14546b2be829f3369b5dd?s=96&d=mm&r=g","caption":"Daniel P\u00e9rez Alvarez"}}]}},"_links":{"self":[{"href":"https:\/\/www.smart-gsm.com\/blog\/wp-json\/wp\/v2\/posts\/67269","targetHints":{"allow":["GET"]}}],"collection":[{"href":"https:\/\/www.smart-gsm.com\/blog\/wp-json\/wp\/v2\/posts"}],"about":[{"href":"https:\/\/www.smart-gsm.com\/blog\/wp-json\/wp\/v2\/types\/post"}],"author":[{"embeddable":true,"href":"https:\/\/www.smart-gsm.com\/blog\/wp-json\/wp\/v2\/users\/2"}],"replies":[{"embeddable":true,"href":"https:\/\/www.smart-gsm.com\/blog\/wp-json\/wp\/v2\/comments?post=67269"}],"version-history":[{"count":0,"href":"https:\/\/www.smart-gsm.com\/blog\/wp-json\/wp\/v2\/posts\/67269\/revisions"}],"wp:featuredmedia":[{"embeddable":true,"href":"https:\/\/www.smart-gsm.com\/blog\/wp-json\/wp\/v2\/media\/67273"}],"wp:attachment":[{"href":"https:\/\/www.smart-gsm.com\/blog\/wp-json\/wp\/v2\/media?parent=67269"}],"wp:term":[{"taxonomy":"category","embeddable":true,"href":"https:\/\/www.smart-gsm.com\/blog\/wp-json\/wp\/v2\/categories?post=67269"},{"taxonomy":"post_tag","embeddable":true,"href":"https:\/\/www.smart-gsm.com\/blog\/wp-json\/wp\/v2\/tags?post=67269"}],"curies":[{"name":"wp","href":"https:\/\/api.w.org\/{rel}","templated":true}]}}