{"id":43164,"date":"2014-10-02T13:44:23","date_gmt":"2014-10-02T16:44:23","guid":{"rendered":"https:\/\/www.smart-gsm.com\/blog\/?p=43164"},"modified":"2014-10-02T10:30:21","modified_gmt":"2014-10-02T13:30:21","slug":"vertu-aster-oficial","status":"publish","type":"post","link":"https:\/\/www.smart-gsm.com\/blog\/vertu-aster-oficial\/","title":{"rendered":"Vertu lanza al &#8220;econ\u00f3mico&#8221; Aster por 6.900 d\u00f3lares"},"content":{"rendered":"<p><img loading=\"lazy\" decoding=\"async\" class=\"img-responsive\" src=\"https:\/\/www.smart-gsm.com\/blog\/wp-content\/uploads\/2014\/10\/vertu-aster-azul.jpg\" alt=\"vertu aster\" width=\"620\" height=\"448\" \/><\/p>\n<p>Si los 10.300 d\u00f3lares que cuesta el <a title=\"Vertu Signature Touch redefine el concepto Premium\" href=\"https:\/\/www.smart-gsm.com\/blog\/vertu-signature-touch-redefine-el-concepto-premium\/\" target=\"_blank\">Signature Touch<\/a> son demasiado, <a title=\"celulares Vertu\" href=\"https:\/\/www.smart-gsm.com\/fabricantes\/vertu\" target=\"_blank\"><strong>Vertu<\/strong><\/a> ofrece una opci\u00f3n para los bolsillos m\u00e1s flacos con el <strong>Vertu Aster<\/strong>, un smartphone Android fabricado a mano con chasis de titanio, por &#8220;s\u00f3lo&#8221; 6.900 d\u00f3lares.<\/p>\n<p>El Aster, adem\u00e1s, se pone a la par de los smartphones Android m\u00e1s potentes del mercado &#8211; algo raro para el segmento de lujo, que suele cobrar miles de d\u00f3lares por smartphones con caracter\u00edsticas de hace dos a\u00f1os. El Aster cuenta con una pantalla 1080p de 4.7 pulgadas cubierta por un cristal de zafiro, procesador quad-core Snapdragon 801 a 2.3GHz, c\u00e1mara de 13 megapixels Hasselblad con flash LED dual en la parte posterior, c\u00e1mara frontal de 2.1MP, NFC, carga inal\u00e1mbrica compatible con el standard Qi, Wi-Fi 802.11ac, conectividad LTE en 19 bandas y bater\u00eda de 2250 mAh, con parlantes stereo al frente reforzados con Dolby Digital Plus.<\/p>\n<p><!--more--><\/p>\n<p><img loading=\"lazy\" decoding=\"async\" class=\"img-responsive\" src=\"https:\/\/www.smart-gsm.com\/blog\/wp-content\/uploads\/2014\/10\/7JZ2H_AsterBlushCalfLeatherfrontleftslantwhitebackground.jpg\" alt=\"Vertu Aster\" width=\"620\" height=\"858\" \/><\/p>\n<p>El Vertu Aster tiene la parte posterior terminada en cuero, pero por unos 2200 d\u00f3lares adicionales, es posibles tenerlo con piel de v\u00edbora en negro o naranja.<\/p>\n<p><img loading=\"lazy\" decoding=\"async\" class=\"img-responsive\" src=\"https:\/\/www.smart-gsm.com\/blog\/wp-content\/uploads\/2014\/10\/7JZ2H_AsterTangerineKarungSkinbackslantwhitebackground.jpg\" alt=\"Vertu Aster vibora\" width=\"620\" height=\"858\" \/><\/p>\n<p>El Vertu Aster ya est\u00e1 disponible en el Reino Unido, y pronto llegar\u00e1 a un pu\u00f1ado de pa\u00edses m\u00e1s.<\/p>\n","protected":false},"excerpt":{"rendered":"<p>Si los 10.300 d\u00f3lares que cuesta el Signature Touch son demasiado, Vertu ofrece una opci\u00f3n para los bolsillos m\u00e1s flacos con el Vertu Aster, un smartphone Android fabricado a mano&#8230;<\/p>\n","protected":false},"author":1,"featured_media":43177,"comment_status":"open","ping_status":"closed","sticky":false,"template":"","format":"standard","meta":{"rop_custom_images_group":[],"rop_custom_messages_group":[],"rop_publish_now":"initial","rop_publish_now_accounts":[],"rop_publish_now_history":[],"rop_publish_now_status":"pending","footnotes":""},"categories":[4],"tags":[323],"class_list":["post-43164","post","type-post","status-publish","format-standard","has-post-thumbnail","hentry","category-noticias","tag-vertu"],"yoast_head":"<!-- This site is optimized with the Yoast SEO plugin v28.3 - https:\/\/yoast.com\/product\/yoast-seo-wordpress\/ -->\n<title>Vertu lanza al &quot;econ\u00f3mico&quot; Aster por 6.900 d\u00f3lares - SmartGSM - Blog<\/title>\n<meta name=\"robots\" content=\"noindex, follow\" \/>\n<meta property=\"og:locale\" content=\"es_ES\" \/>\n<meta property=\"og:type\" content=\"article\" \/>\n<meta property=\"og:title\" content=\"Vertu lanza al &quot;econ\u00f3mico&quot; Aster por 6.900 d\u00f3lares - SmartGSM - Blog\" \/>\n<meta property=\"og:description\" content=\"Si los 10.300 d\u00f3lares que cuesta el Signature Touch son demasiado, Vertu ofrece una opci\u00f3n para los bolsillos m\u00e1s flacos con el Vertu Aster, un smartphone Android fabricado a mano...\" \/>\n<meta property=\"og:url\" content=\"https:\/\/www.smart-gsm.com\/blog\/vertu-aster-oficial\/\" \/>\n<meta property=\"og:site_name\" content=\"SmartGSM - Blog\" \/>\n<meta property=\"article:published_time\" content=\"2014-10-02T16:44:23+00:00\" \/>\n<meta name=\"author\" content=\"smartGSM\" \/>\n<meta name=\"twitter:card\" content=\"summary_large_image\" \/>\n<script type=\"application\/ld+json\" class=\"yoast-schema-graph\">{\"@context\":\"https:\\\/\\\/schema.org\",\"@graph\":[{\"@type\":\"Article\",\"@id\":\"https:\\\/\\\/www.smart-gsm.com\\\/blog\\\/vertu-aster-oficial\\\/#article\",\"isPartOf\":{\"@id\":\"https:\\\/\\\/www.smart-gsm.com\\\/blog\\\/vertu-aster-oficial\\\/\"},\"author\":{\"name\":\"smartGSM\",\"@id\":\"https:\\\/\\\/www.smart-gsm.com\\\/blog\\\/#\\\/schema\\\/person\\\/32cf3f2aec518c4f53b651a334a50777\"},\"headline\":\"Vertu lanza al &#8220;econ\u00f3mico&#8221; Aster por 6.900 d\u00f3lares\",\"datePublished\":\"2014-10-02T16:44:23+00:00\",\"mainEntityOfPage\":{\"@id\":\"https:\\\/\\\/www.smart-gsm.com\\\/blog\\\/vertu-aster-oficial\\\/\"},\"wordCount\":211,\"commentCount\":1,\"image\":{\"@id\":\"https:\\\/\\\/www.smart-gsm.com\\\/blog\\\/vertu-aster-oficial\\\/#primaryimage\"},\"thumbnailUrl\":\"https:\\\/\\\/www.smart-gsm.com\\\/blog\\\/wp-content\\\/uploads\\\/2014\\\/10\\\/vertu-aster-azul1.jpg\",\"keywords\":[\"Vertu\"],\"articleSection\":[\"Noticias\"],\"inLanguage\":\"es-AR\",\"potentialAction\":[{\"@type\":\"CommentAction\",\"name\":\"Comment\",\"target\":[\"https:\\\/\\\/www.smart-gsm.com\\\/blog\\\/vertu-aster-oficial\\\/#respond\"]}]},{\"@type\":\"WebPage\",\"@id\":\"https:\\\/\\\/www.smart-gsm.com\\\/blog\\\/vertu-aster-oficial\\\/\",\"url\":\"https:\\\/\\\/www.smart-gsm.com\\\/blog\\\/vertu-aster-oficial\\\/\",\"name\":\"Vertu lanza al \\\"econ\u00f3mico\\\" Aster por 6.900 d\u00f3lares - SmartGSM - Blog\",\"isPartOf\":{\"@id\":\"https:\\\/\\\/www.smart-gsm.com\\\/blog\\\/#website\"},\"primaryImageOfPage\":{\"@id\":\"https:\\\/\\\/www.smart-gsm.com\\\/blog\\\/vertu-aster-oficial\\\/#primaryimage\"},\"image\":{\"@id\":\"https:\\\/\\\/www.smart-gsm.com\\\/blog\\\/vertu-aster-oficial\\\/#primaryimage\"},\"thumbnailUrl\":\"https:\\\/\\\/www.smart-gsm.com\\\/blog\\\/wp-content\\\/uploads\\\/2014\\\/10\\\/vertu-aster-azul1.jpg\",\"datePublished\":\"2014-10-02T16:44:23+00:00\",\"author\":{\"@id\":\"https:\\\/\\\/www.smart-gsm.com\\\/blog\\\/#\\\/schema\\\/person\\\/32cf3f2aec518c4f53b651a334a50777\"},\"breadcrumb\":{\"@id\":\"https:\\\/\\\/www.smart-gsm.com\\\/blog\\\/vertu-aster-oficial\\\/#breadcrumb\"},\"inLanguage\":\"es-AR\",\"potentialAction\":[{\"@type\":\"ReadAction\",\"target\":[\"https:\\\/\\\/www.smart-gsm.com\\\/blog\\\/vertu-aster-oficial\\\/\"]}]},{\"@type\":\"ImageObject\",\"inLanguage\":\"es-AR\",\"@id\":\"https:\\\/\\\/www.smart-gsm.com\\\/blog\\\/vertu-aster-oficial\\\/#primaryimage\",\"url\":\"https:\\\/\\\/www.smart-gsm.com\\\/blog\\\/wp-content\\\/uploads\\\/2014\\\/10\\\/vertu-aster-azul1.jpg\",\"contentUrl\":\"https:\\\/\\\/www.smart-gsm.com\\\/blog\\\/wp-content\\\/uploads\\\/2014\\\/10\\\/vertu-aster-azul1.jpg\"},{\"@type\":\"BreadcrumbList\",\"@id\":\"https:\\\/\\\/www.smart-gsm.com\\\/blog\\\/vertu-aster-oficial\\\/#breadcrumb\",\"itemListElement\":[{\"@type\":\"ListItem\",\"position\":1,\"name\":\"Inicio\",\"item\":\"https:\\\/\\\/www.smart-gsm.com\\\/blog\\\/\"},{\"@type\":\"ListItem\",\"position\":2,\"name\":\"Vertu lanza al &#8220;econ\u00f3mico&#8221; Aster por 6.900 d\u00f3lares\"}]},{\"@type\":\"WebSite\",\"@id\":\"https:\\\/\\\/www.smart-gsm.com\\\/blog\\\/#website\",\"url\":\"https:\\\/\\\/www.smart-gsm.com\\\/blog\\\/\",\"name\":\"smartGSM noticias de tel\u00e9fonos\",\"description\":\"smartGSM\",\"alternateName\":\"smartGSM\",\"potentialAction\":[{\"@type\":\"SearchAction\",\"target\":{\"@type\":\"EntryPoint\",\"urlTemplate\":\"https:\\\/\\\/www.smart-gsm.com\\\/blog\\\/?s={search_term_string}\"},\"query-input\":{\"@type\":\"PropertyValueSpecification\",\"valueRequired\":true,\"valueName\":\"search_term_string\"}}],\"inLanguage\":\"es-AR\"},{\"@type\":\"Person\",\"@id\":\"https:\\\/\\\/www.smart-gsm.com\\\/blog\\\/#\\\/schema\\\/person\\\/32cf3f2aec518c4f53b651a334a50777\",\"name\":\"smartGSM\",\"image\":{\"@type\":\"ImageObject\",\"inLanguage\":\"es-AR\",\"@id\":\"https:\\\/\\\/secure.gravatar.com\\\/avatar\\\/788bac405e347f783dc6965e5c98b7479eb56f1d952d7b0c37ded964387c3356?s=96&d=mm&r=g\",\"url\":\"https:\\\/\\\/secure.gravatar.com\\\/avatar\\\/788bac405e347f783dc6965e5c98b7479eb56f1d952d7b0c37ded964387c3356?s=96&d=mm&r=g\",\"contentUrl\":\"https:\\\/\\\/secure.gravatar.com\\\/avatar\\\/788bac405e347f783dc6965e5c98b7479eb56f1d952d7b0c37ded964387c3356?s=96&d=mm&r=g\",\"caption\":\"smartGSM\"},\"description\":\"Equipo de redacci\u00f3n multidisciplinario especializado en tel\u00e9fonos m\u00f3viles\",\"sameAs\":[\"https:\\\/\\\/www.smart-gsm.com\\\/blog\"]}]}<\/script>\n<!-- \/ Yoast SEO plugin. -->","yoast_head_json":{"title":"Vertu lanza al \"econ\u00f3mico\" Aster por 6.900 d\u00f3lares - SmartGSM - Blog","robots":{"index":"noindex","follow":"follow"},"og_locale":"es_ES","og_type":"article","og_title":"Vertu lanza al \"econ\u00f3mico\" Aster por 6.900 d\u00f3lares - SmartGSM - Blog","og_description":"Si los 10.300 d\u00f3lares que cuesta el Signature Touch son demasiado, Vertu ofrece una opci\u00f3n para los bolsillos m\u00e1s flacos con el Vertu Aster, un smartphone Android fabricado a mano...","og_url":"https:\/\/www.smart-gsm.com\/blog\/vertu-aster-oficial\/","og_site_name":"SmartGSM - Blog","article_published_time":"2014-10-02T16:44:23+00:00","author":"smartGSM","twitter_card":"summary_large_image","schema":{"@context":"https:\/\/schema.org","@graph":[{"@type":"Article","@id":"https:\/\/www.smart-gsm.com\/blog\/vertu-aster-oficial\/#article","isPartOf":{"@id":"https:\/\/www.smart-gsm.com\/blog\/vertu-aster-oficial\/"},"author":{"name":"smartGSM","@id":"https:\/\/www.smart-gsm.com\/blog\/#\/schema\/person\/32cf3f2aec518c4f53b651a334a50777"},"headline":"Vertu lanza al &#8220;econ\u00f3mico&#8221; Aster por 6.900 d\u00f3lares","datePublished":"2014-10-02T16:44:23+00:00","mainEntityOfPage":{"@id":"https:\/\/www.smart-gsm.com\/blog\/vertu-aster-oficial\/"},"wordCount":211,"commentCount":1,"image":{"@id":"https:\/\/www.smart-gsm.com\/blog\/vertu-aster-oficial\/#primaryimage"},"thumbnailUrl":"https:\/\/www.smart-gsm.com\/blog\/wp-content\/uploads\/2014\/10\/vertu-aster-azul1.jpg","keywords":["Vertu"],"articleSection":["Noticias"],"inLanguage":"es-AR","potentialAction":[{"@type":"CommentAction","name":"Comment","target":["https:\/\/www.smart-gsm.com\/blog\/vertu-aster-oficial\/#respond"]}]},{"@type":"WebPage","@id":"https:\/\/www.smart-gsm.com\/blog\/vertu-aster-oficial\/","url":"https:\/\/www.smart-gsm.com\/blog\/vertu-aster-oficial\/","name":"Vertu lanza al \"econ\u00f3mico\" Aster por 6.900 d\u00f3lares - SmartGSM - Blog","isPartOf":{"@id":"https:\/\/www.smart-gsm.com\/blog\/#website"},"primaryImageOfPage":{"@id":"https:\/\/www.smart-gsm.com\/blog\/vertu-aster-oficial\/#primaryimage"},"image":{"@id":"https:\/\/www.smart-gsm.com\/blog\/vertu-aster-oficial\/#primaryimage"},"thumbnailUrl":"https:\/\/www.smart-gsm.com\/blog\/wp-content\/uploads\/2014\/10\/vertu-aster-azul1.jpg","datePublished":"2014-10-02T16:44:23+00:00","author":{"@id":"https:\/\/www.smart-gsm.com\/blog\/#\/schema\/person\/32cf3f2aec518c4f53b651a334a50777"},"breadcrumb":{"@id":"https:\/\/www.smart-gsm.com\/blog\/vertu-aster-oficial\/#breadcrumb"},"inLanguage":"es-AR","potentialAction":[{"@type":"ReadAction","target":["https:\/\/www.smart-gsm.com\/blog\/vertu-aster-oficial\/"]}]},{"@type":"ImageObject","inLanguage":"es-AR","@id":"https:\/\/www.smart-gsm.com\/blog\/vertu-aster-oficial\/#primaryimage","url":"https:\/\/www.smart-gsm.com\/blog\/wp-content\/uploads\/2014\/10\/vertu-aster-azul1.jpg","contentUrl":"https:\/\/www.smart-gsm.com\/blog\/wp-content\/uploads\/2014\/10\/vertu-aster-azul1.jpg"},{"@type":"BreadcrumbList","@id":"https:\/\/www.smart-gsm.com\/blog\/vertu-aster-oficial\/#breadcrumb","itemListElement":[{"@type":"ListItem","position":1,"name":"Inicio","item":"https:\/\/www.smart-gsm.com\/blog\/"},{"@type":"ListItem","position":2,"name":"Vertu lanza al &#8220;econ\u00f3mico&#8221; Aster por 6.900 d\u00f3lares"}]},{"@type":"WebSite","@id":"https:\/\/www.smart-gsm.com\/blog\/#website","url":"https:\/\/www.smart-gsm.com\/blog\/","name":"smartGSM noticias de tel\u00e9fonos","description":"smartGSM","alternateName":"smartGSM","potentialAction":[{"@type":"SearchAction","target":{"@type":"EntryPoint","urlTemplate":"https:\/\/www.smart-gsm.com\/blog\/?s={search_term_string}"},"query-input":{"@type":"PropertyValueSpecification","valueRequired":true,"valueName":"search_term_string"}}],"inLanguage":"es-AR"},{"@type":"Person","@id":"https:\/\/www.smart-gsm.com\/blog\/#\/schema\/person\/32cf3f2aec518c4f53b651a334a50777","name":"smartGSM","image":{"@type":"ImageObject","inLanguage":"es-AR","@id":"https:\/\/secure.gravatar.com\/avatar\/788bac405e347f783dc6965e5c98b7479eb56f1d952d7b0c37ded964387c3356?s=96&d=mm&r=g","url":"https:\/\/secure.gravatar.com\/avatar\/788bac405e347f783dc6965e5c98b7479eb56f1d952d7b0c37ded964387c3356?s=96&d=mm&r=g","contentUrl":"https:\/\/secure.gravatar.com\/avatar\/788bac405e347f783dc6965e5c98b7479eb56f1d952d7b0c37ded964387c3356?s=96&d=mm&r=g","caption":"smartGSM"},"description":"Equipo de redacci\u00f3n multidisciplinario especializado en tel\u00e9fonos m\u00f3viles","sameAs":["https:\/\/www.smart-gsm.com\/blog"]}]}},"_links":{"self":[{"href":"https:\/\/www.smart-gsm.com\/blog\/wp-json\/wp\/v2\/posts\/43164","targetHints":{"allow":["GET"]}}],"collection":[{"href":"https:\/\/www.smart-gsm.com\/blog\/wp-json\/wp\/v2\/posts"}],"about":[{"href":"https:\/\/www.smart-gsm.com\/blog\/wp-json\/wp\/v2\/types\/post"}],"author":[{"embeddable":true,"href":"https:\/\/www.smart-gsm.com\/blog\/wp-json\/wp\/v2\/users\/1"}],"replies":[{"embeddable":true,"href":"https:\/\/www.smart-gsm.com\/blog\/wp-json\/wp\/v2\/comments?post=43164"}],"version-history":[{"count":0,"href":"https:\/\/www.smart-gsm.com\/blog\/wp-json\/wp\/v2\/posts\/43164\/revisions"}],"wp:featuredmedia":[{"embeddable":true,"href":"https:\/\/www.smart-gsm.com\/blog\/wp-json\/wp\/v2\/media\/43177"}],"wp:attachment":[{"href":"https:\/\/www.smart-gsm.com\/blog\/wp-json\/wp\/v2\/media?parent=43164"}],"wp:term":[{"taxonomy":"category","embeddable":true,"href":"https:\/\/www.smart-gsm.com\/blog\/wp-json\/wp\/v2\/categories?post=43164"},{"taxonomy":"post_tag","embeddable":true,"href":"https:\/\/www.smart-gsm.com\/blog\/wp-json\/wp\/v2\/tags?post=43164"}],"curies":[{"name":"wp","href":"https:\/\/api.w.org\/{rel}","templated":true}]}}